{"id":230,"date":"2020-04-19T08:00:00","date_gmt":"2020-04-19T07:00:00","guid":{"rendered":"http:\/\/christianeichhorn.de\/?p=230"},"modified":"2020-04-13T13:49:59","modified_gmt":"2020-04-13T12:49:59","slug":"politikum-wdr-5","status":"publish","type":"post","link":"https:\/\/christianeichhorn.de\/?p=230","title":{"rendered":"Politikum (WDR 5)"},"content":{"rendered":"\n<p><strong>Poltikmagazin<\/strong>. Themen des Tages werden kritisch, bissig, sp\u00f6ttisch und zugespitzt diskutiert.<\/p>\n\n\n\n<div class=\"wp-block-image\"><figure class=\"aligncenter is-resized\"><a href=\"https:\/\/www1.wdr.de\/mediathek\/audio\/sendereihen-bilder\/wdr5-sendereihenbild110~_v-ARDGrosserTeaser.jpg\"><img decoding=\"async\" loading=\"lazy\" src=\"https:\/\/www1.wdr.de\/mediathek\/audio\/sendereihen-bilder\/wdr5-sendereihenbild110~_v-ARDGrosserTeaser.jpg\" alt=\"\" width=\"259\" height=\"145\"\/><\/a><figcaption>(Podcast-Logo, Quelle: <a href=\"https:\/\/www1.wdr.de\/mediathek\/audio\/sendereihen-bilder\/wdr5-sendereihenbild110~_v-ARDGrosserTeaser.jpg\">WDR<\/a>)<\/figcaption><\/figure><\/div>\n\n\n\n<p>Die sich selbst als \u201eMeinungsmagazin\u201c bezeichnende Radiosendung beleuchtet jeden Werktag die Themen des Tages \u2013 oder die, die es der Redaktion nach h\u00e4tten sein sollen.<\/p>\n\n\n\n<p>Abwechselt diskutieren Stephanie Rohde, Stephan Karkowsky, Rebecca Link, Max von Malotki und Andrea Oster ein Leitthema mit einem Experten. Dabei werden die Themen  vollst\u00e4ndiger ausgeleuchtet als bei Kurzinterviews mit Politikern oder der starken Verk\u00fcrzung in den Nachrichten und bekommen schonmal einen anderen Aspekt mit herein.<\/p>\n\n\n\n<p>Die Themen werden auch manches Mal zu- oder sogar \u00fcberspitzt dargeboten, und das Magazin nimmt nicht f\u00fcr sich in Anspruch, neutral und abgekl\u00e4rt zu berichten, sondern dadurch durchaus auch Kontroversen in kauf zu nehmen.<\/p>\n\n\n\n<p>Wiederkehrende Elemente dieser Sendung sind, unter anderem,<\/p>\n\n\n\n<ul><li>die <em>Wiedervorlage<\/em>, bei der ein Thema, das vor l\u00e4ngerer Zeit mal in aller Munde war, mal auf seinen aktuellen Sachstand untersucht wird.<\/li><li>das <em>Cosmopolitikum<\/em>, bei dem Auslandskorrespondent*innen \u00fcber Themen aus den L\u00e4ndern berichten, in denen sie stationiert sind, die es aber praktisch niemals in die Nachrichten schaffen.<\/li><li>die Rubrik <em>Positiv<\/em>, in der entgegen der \u00fcblichen Herangehensweise der Medien bewusst eine gute Entwicklung oder etwas anderes positives aus der Woche berichtet wird.<\/li><li>der <em>O-Ton der Woche<\/em>, bei dem ein Ausspruch meist eines*r Politiker*in zitiert und oft auch kommentiert wird, wenngleich die Auswahl so ist, dass sich in der Regel jeder weitere Kommentar er\u00fcbrigt.<\/li><\/ul>\n\n\n\n<p><strong>Sendezeit: <\/strong>\u00fcblicherweise jeden Werktag von 17:45 bis 18 Uhr. Coronabedingt pausiert die Ausstrahlung im Radio aber zurzeit. Der Podcast wird aber weiterhin produziert.<\/p>\n\n\n\n<p><strong>Podcast-Link:<\/strong><\/p>\n\n\n\n<ul><li><a href=\"https:\/\/www.google.com\/podcasts?feed=aHR0cHM6Ly93d3cxLndkci5kZS9tZWRpYXRoZWsvYXVkaW8vd2RyNS93ZHI1LXBvbGl0aWt1bS9wb2xpdGlrdW0xMTYucG9kY2FzdA%3D%3D\">ARD Audiothek<\/a><\/li><li><a href=\"https:\/\/www.google.com\/podcasts?feed=aHR0cHM6Ly93d3cxLndkci5kZS9tZWRpYXRoZWsvYXVkaW8vd2RyNS93ZHI1LXBvbGl0aWt1bS9wb2xpdGlrdW0xMTYucG9kY2FzdA%3D%3D\">Android<\/a><\/li><li><a href=\"https:\/\/www1.wdr.de\/mediathek\/audio\/wdr5\/wdr5-politikum\/politikum116.podcast\">iTunes<\/a><\/li><li><a href=\"https:\/\/www1.wdr.de\/mediathek\/audio\/wdr5\/wdr5-politikum\/politikum116.podcast\">Podcast<\/a><\/li><\/ul>\n\n\n\n<p><\/p>\n","protected":false},"excerpt":{"rendered":"<p>Poltikmagazin. Themen des Tages werden kritisch, bissig, sp\u00f6ttisch und zugespitzt diskutiert. Die sich selbst als \u201eMeinungsmagazin\u201c bezeichnende Radiosendung beleuchtet jeden Werktag die Themen des Tages \u2013 oder die, die es der Redaktion nach h\u00e4tten sein sollen. Abwechselt diskutieren Stephanie Rohde, Stephan Karkowsky, Rebecca Link, Max von Malotki und Andrea Oster ein Leitthema mit einem Experten. &hellip; <\/p>\n<p class=\"link-more\"><a href=\"https:\/\/christianeichhorn.de\/?p=230\" class=\"more-link\"><span class=\"screen-reader-text\">\u201ePolitikum (WDR 5)\u201c<\/span> weiterlesen<\/a><\/p>\n","protected":false},"author":1,"featured_media":0,"comment_status":"open","ping_status":"open","sticky":false,"template":"","format":"standard","meta":[],"categories":[11],"tags":[],"_links":{"self":[{"href":"https:\/\/christianeichhorn.de\/index.php?rest_route=\/wp\/v2\/posts\/230"}],"collection":[{"href":"https:\/\/christianeichhorn.de\/index.php?rest_route=\/wp\/v2\/posts"}],"about":[{"href":"https:\/\/christianeichhorn.de\/index.php?rest_route=\/wp\/v2\/types\/post"}],"author":[{"embeddable":true,"href":"https:\/\/christianeichhorn.de\/index.php?rest_route=\/wp\/v2\/users\/1"}],"replies":[{"embeddable":true,"href":"https:\/\/christianeichhorn.de\/index.php?rest_route=%2Fwp%2Fv2%2Fcomments&post=230"}],"version-history":[{"count":3,"href":"https:\/\/christianeichhorn.de\/index.php?rest_route=\/wp\/v2\/posts\/230\/revisions"}],"predecessor-version":[{"id":251,"href":"https:\/\/christianeichhorn.de\/index.php?rest_route=\/wp\/v2\/posts\/230\/revisions\/251"}],"wp:attachment":[{"href":"https:\/\/christianeichhorn.de\/index.php?rest_route=%2Fwp%2Fv2%2Fmedia&parent=230"}],"wp:term":[{"taxonomy":"category","embeddable":true,"href":"https:\/\/christianeichhorn.de\/index.php?rest_route=%2Fwp%2Fv2%2Fcategories&post=230"},{"taxonomy":"post_tag","embeddable":true,"href":"https:\/\/christianeichhorn.de\/index.php?rest_route=%2Fwp%2Fv2%2Ftags&post=230"}],"curies":[{"name":"wp","href":"https:\/\/api.w.org\/{rel}","templated":true}]}}