{"id":222,"date":"2020-04-15T08:00:00","date_gmt":"2020-04-15T07:00:00","guid":{"rendered":"http:\/\/christianeichhorn.de\/?p=222"},"modified":"2020-04-15T14:56:29","modified_gmt":"2020-04-15T13:56:29","slug":"die-ferienbande-und-die-entsetzlichen-ferien","status":"publish","type":"post","link":"https:\/\/christianeichhorn.de\/?p=222","title":{"rendered":"Die Ferienbande und die entsetzlichen Ferien"},"content":{"rendered":"\n<p><strong>Jugendbandenh\u00f6rspielparodie<\/strong>. Vier stereotype Jugendliche erleben ein haneb\u00fcchenes Abenteuer.<\/p>\n\n\n\n<figure class=\"wp-block-embed-youtube wp-block-embed is-type-video is-provider-youtube wp-embed-aspect-16-9 wp-has-aspect-ratio\"><div class=\"wp-block-embed__wrapper\">\n<iframe loading=\"lazy\" title=\"Die Ferienbande Radiofolgen - Folge 01: Das geheimnisvolle Geheimnis\" width=\"525\" height=\"295\" src=\"https:\/\/www.youtube.com\/embed\/TWDZeR4y2U0?feature=oembed\" frameborder=\"0\" allow=\"accelerometer; autoplay; encrypted-media; gyroscope; picture-in-picture\" allowfullscreen><\/iframe>\n<\/div><figcaption>(Radiofolge 01)<\/figcaption><\/figure>\n\n\n\n<h2 class=\"wp-block-heading\">Die Bande<\/h2>\n\n\n\n<p>Erinnert Ihr Euch an TKKG? Die Jugendbande mit den stereotypen Charakteren und den B\u00f6sen, die immer anhand gesellschaftlicher und popul\u00e4rer Vorurteile und Stereotypen zu erkennen waren? Mit pr\u00e4ventiver Gewalt von Seiten des starken Anf\u00fchrers und dem M\u00e4dchen, dass bei gef\u00e4hrlichen Einsetzen immer sch\u00f6n nach Hause ins Bett musste? Wenn man diese H\u00f6rspiele heute h\u00f6rt, kommen sie einem schon sowieso wie eine Parodie auf die H\u00f6rspielkultur der Achtzigerjahre des letzten Jahrhunderts vor. Und das schreibe ich, obwohl ich TKKG wirklich, wirklich gerne geh\u00f6rt habe.<\/p>\n\n\n\n<p>Die Macher der <em>Ferienbande <\/em>um Kai Schwind und Sven Buchholz aber bringen dies auf eine v\u00f6llig neue Ebene und gestalten H\u00f6rspiele, die haneb\u00fcchener nicht sein k\u00f6nnten.<\/p>\n\n\n\n<p><em>Bernd<\/em>, fr\u00fcher genannt Beate, der sportliche Anf\u00fchrer, <em>Baul<\/em>, der Computerexperte und das Gehirn, <em>Br\u00f6ckchen<\/em>, der dauernd isst und zu sonst nichts zu gebrauchen ist, <em>Babsi<\/em>, das M\u00e4dchen der Ferienbande und nat\u00fcrlich der Hund <em>Bambi <\/em>bilden die titelgebende <em>Ferienbande<\/em>.<\/p>\n\n\n\n<p>Nachdem sie zun\u00e4chst in bis-zu-f\u00fcnf-Minuten-Radiospots kurze \u201eF\u00e4lle\u201c aufkl\u00e4rten, ist \u201e&#8230;und die entsetzlichen Ferien\u201c das erste H\u00f6rspiel in voller H\u00f6rspiell\u00e4nge, das die Ferienbande bestreitet.<\/p>\n\n\n\n<h2 class=\"wp-block-heading\">Die Geschichte<\/h2>\n\n\n\n<p>\u201eEndlich waren Sommerferien, die Ferienbande freute sich schon seit Wochen auf diesen Tag, denn unsere vier Helden hatten etwas Aufregendes geplant: Bernd, Br\u00f6ckchen, Baul und Babsi wollten ins Ferienlager nach R\u00fcgen. Nat\u00fcrlich w\u00fcrde Bambi der Hund auch dabei sein\u201c (Quelle: CD, Track 2). Ikonischer kann ein Jugendh\u00f6rspiel nicht sein. <\/p>\n\n\n\n<p>Danach werden die Mitglieder der Bande eingesammelt und es geht mit der Bahn ins Ferienlager. Eine Radtour wird unternommen, ein merkw\u00fcrdiger Kauz am Strand getroffen und einem Lagerfeuer beigewohnt. Und dann ist pl\u00f6tzlich der stille Junge verschwunden. Das ist nat\u00fcrlich ein Fall f\u00fcr die Ferienbande.<\/p>\n\n\n\n<p>Diese macht sich dann gleich auf in den dunklen Wald und ins Gruselhaus, um das schreckliche Geheimnis aufzukl\u00e4ren. Ein dunkler Gang kommt allerdings nicht vor, hierf\u00fcr muss man schon zu Folge 2 greifen.<\/p>\n\n\n\n<h2 class=\"wp-block-heading\">Das H\u00f6rspiel<\/h2>\n\n\n\n<p>Das H\u00f6rspiel ist gleichzeitig eine treffende Persiflage von und eine Hommage an TKKG. Die vierte Wand muss nicht gebrochen werden, denn sie ist praktisch nichtexistent und der Plot-Twist am Ende kommt wirklich \u00fcberraschend. Ich kann dieses H\u00f6rspiel und die ganze Serie Menschen, die mit TKKG gro\u00dfgeworden sind, sehr empfehlen. Anderen eher nicht, weil sie kaum eine Chance haben, die Witze zu verstehen.<\/p>\n\n\n\n<p>Mittlerweile gibt es elf vollwertige H\u00f6rspiele der Ferienbande, und der Wahnsinn nimmt mit jeder Folge weiter seinen Lauf.<\/p>\n\n\n\n<p><strong>Ausgaben:<\/strong><\/p>\n\n\n\n<ul><li><a href=\"https:\/\/www.amazon.de\/Die-Ferienbande-Entsetzlichen-Ferien-Teil\/dp\/B01N9HXQ23\">Amazon MP3-Album<\/a> (6,99 \u20ac)<\/li><li><a href=\"https:\/\/www.audible.de\/pd\/Die-Ferienbande-und-die-entsetzlichen-Ferien-Die-Ferienbande-1-Hoerbuch\/B018U3ZNN2\">Audible<\/a> (8,95 \u20ac oder 1 Guthaben)<\/li><li><a href=\"https:\/\/music.apple.com\/us\/album\/die-ferienbande-und-die-entsetzlichen-ferien-teil-1\/414856806\">Apple Music<\/a><\/li><li><a href=\"https:\/\/open.spotify.com\/album\/4NyTHxox3CGcSst8hLYHOF?autoplay=true&amp;v=L\">Spotify<\/a><\/li><li><a href=\"https:\/\/www.thalia.de\/shop\/home\/artikeldetails\/ID118775384.html\">Thalia MP3-Download<\/a> (5,99 \u20ac)<\/li><\/ul>\n","protected":false},"excerpt":{"rendered":"<p>Jugendbandenh\u00f6rspielparodie. Vier stereotype Jugendliche erleben ein haneb\u00fcchenes Abenteuer. Die Bande Erinnert Ihr Euch an TKKG? Die Jugendbande mit den stereotypen Charakteren und den B\u00f6sen, die immer anhand gesellschaftlicher und popul\u00e4rer Vorurteile und Stereotypen zu erkennen waren? Mit pr\u00e4ventiver Gewalt von Seiten des starken Anf\u00fchrers und dem M\u00e4dchen, dass bei gef\u00e4hrlichen Einsetzen immer sch\u00f6n nach Hause &hellip; <\/p>\n<p class=\"link-more\"><a href=\"https:\/\/christianeichhorn.de\/?p=222\" class=\"more-link\"><span class=\"screen-reader-text\">\u201eDie Ferienbande und die entsetzlichen Ferien\u201c<\/span> weiterlesen<\/a><\/p>\n","protected":false},"author":1,"featured_media":0,"comment_status":"open","ping_status":"open","sticky":false,"template":"","format":"standard","meta":[],"categories":[10],"tags":[],"_links":{"self":[{"href":"https:\/\/christianeichhorn.de\/index.php?rest_route=\/wp\/v2\/posts\/222"}],"collection":[{"href":"https:\/\/christianeichhorn.de\/index.php?rest_route=\/wp\/v2\/posts"}],"about":[{"href":"https:\/\/christianeichhorn.de\/index.php?rest_route=\/wp\/v2\/types\/post"}],"author":[{"embeddable":true,"href":"https:\/\/christianeichhorn.de\/index.php?rest_route=\/wp\/v2\/users\/1"}],"replies":[{"embeddable":true,"href":"https:\/\/christianeichhorn.de\/index.php?rest_route=%2Fwp%2Fv2%2Fcomments&post=222"}],"version-history":[{"count":4,"href":"https:\/\/christianeichhorn.de\/index.php?rest_route=\/wp\/v2\/posts\/222\/revisions"}],"predecessor-version":[{"id":258,"href":"https:\/\/christianeichhorn.de\/index.php?rest_route=\/wp\/v2\/posts\/222\/revisions\/258"}],"wp:attachment":[{"href":"https:\/\/christianeichhorn.de\/index.php?rest_route=%2Fwp%2Fv2%2Fmedia&parent=222"}],"wp:term":[{"taxonomy":"category","embeddable":true,"href":"https:\/\/christianeichhorn.de\/index.php?rest_route=%2Fwp%2Fv2%2Fcategories&post=222"},{"taxonomy":"post_tag","embeddable":true,"href":"https:\/\/christianeichhorn.de\/index.php?rest_route=%2Fwp%2Fv2%2Ftags&post=222"}],"curies":[{"name":"wp","href":"https:\/\/api.w.org\/{rel}","templated":true}]}}