{"id":192,"date":"2020-04-08T08:00:00","date_gmt":"2020-04-08T07:00:00","guid":{"rendered":"http:\/\/christianeichhorn.de\/?p=192"},"modified":"2020-04-05T21:39:39","modified_gmt":"2020-04-05T20:39:39","slug":"die-insel-der-besonderen-kinder-ransom-riggs","status":"publish","type":"post","link":"https:\/\/christianeichhorn.de\/?p=192","title":{"rendered":"Die Insel der besonderen Kinder (Ransom Riggs)"},"content":{"rendered":"\n<p><strong>Zeitgen\u00f6ssische Phantastik<\/strong>. Teenager entdeckt, dass die M\u00e4rchen seines Gro\u00dfvaters keine M\u00e4rchen waren und stellt sich dessen D\u00e4monen, um eine Gruppe von Kindern und Jugendlichen zu retten.<\/p>\n\n\n\n<figure class=\"wp-block-embed-amazon-kindle wp-block-embed is-type-rich is-provider-amazon\"><div class=\"wp-block-embed__wrapper\">\n<iframe loading=\"lazy\" title=\"Die Insel der besonderen Kinder: Roman (Die besonderen Kinder 1)\" type=\"text\/html\" width=\"525\" height=\"550\" frameborder=\"0\" allowfullscreen style=\"max-width:100%\" src=\"https:\/\/lesen.amazon.de\/kp\/card?preview=inline&#038;linkCode=kpd&#038;ref_=k4w_oembed_iq46xNcexSkSId&#038;asin=B005UL2GEM&#038;tag=kpembed-20\"><\/iframe>\n<\/div><\/figure>\n\n\n\n<h2 class=\"wp-block-heading\">Inhalt<\/h2>\n\n\n\n<p>Als Kind hat Jacob Magellan Portman die Geschichten seines Gro\u00dfvaters \u00fcber Kinder mit besonderen F\u00e4higkeiten, dem alten Weisen Vogel, der sie besch\u00fctzt, und den menschfressenden Monstern, die sie verfolgen geliebt. Mittlerweile ist er aus solchen M\u00e4rchen nat\u00fcrlich herausgewachsen. Als sein Gro\u00dfvater von ebendiesen menschenfressenden Monstern ermordet wird, \u00fcber die er Jacob immer Geschichten erz\u00e4hlt hat, ist das deshalb ein rechter Schock f\u00fcr ihn.<\/p>\n\n\n\n<p>Dieser Schock bringt ihn erst auf die Couch eines Therapeuten und dann in das Dorf in Wales, in dem sein Gro\u00dfvater aufgewachsen ist. Dort findet er schlie\u00dflich die besonderen Kinder und ihre Besch\u00fctzerin sich im ewig wiederholenden 3. September 1940 und erf\u00e4hrt etwas \u00fcber seine eigene Besonderheit. Aber die Monster haben ihn bis hierher verfolgt, und die besonderen Kinder sind deswegen in t\u00f6dlicher Gefahr. <\/p>\n\n\n\n<h2 class=\"wp-block-heading\">Buch<\/h2>\n\n\n\n<p>Das Buch ist mit vielen Fotos illustriert, die die Inspiration f\u00fcr Riggs Geschichte waren. Er sammelt alte naive Schwarz-Wei\u00df-Schnappsch\u00fcsse, wie man sie manchmal auf Flohm\u00e4rkten findet. Zwischen diesen fanden sich immer wieder merkw\u00fcrdige oder besondere Aufnahmen von Kindern, die nicht ganz richtig zu sein schienen. Zu diesen Fotos spann Riggs Geschichten, und diese Geschichten wurden dann zu diesem Roman. Das auf dem Cover abgebildete Bild ist eines dieser Fotos.<\/p>\n\n\n\n<p><em>Die Insel der besonderen Kinder<\/em> ist der erste Teil einer Trilogie \u00fcber die besonderen Kinder. <\/p>\n\n\n\n<h2 class=\"wp-block-heading\">Film<\/h2>\n\n\n\n<p>Das Buch wurde von Tim Burton verfilmt und kam 2016 in die Kinos. Wie immer bei Verfilmungen weicht das Drehbuch merkbar vom Buch ab, aber ich k\u00f6nnte mir f\u00fcr einen solchen Roman keinen besseren Regisseur als Tim Burton vorstellen, der die phantastische Handlung mit seinem bekannten und eigenen Stil sehr sch\u00f6n in Bewegtbildern einf\u00e4ngt.<\/p>\n\n\n\n<p><strong>Ausgaben:<\/strong><\/p>\n\n\n\n<ul><li>Taschenbuch (14,99 \u20ac)<\/li><li><a href=\"https:\/\/www.amazon.de\/Die-Insel-besonderen-Kinder-Roman-ebook\/dp\/B005UL2GEM\/ref=tmm_kin_swatch_0?_encoding=UTF8&amp;qid=1585932887&amp;sr=8-3\">Kindle<\/a> (9,99 \u20ac)<\/li><li><a href=\"https:\/\/www.thalia.de\/shop\/home\/artikeldetails\/ID33718491.html\">ePUB<\/a> (Tolino; 9,99 \u20ac)<\/li><li>Graphic Novel <ul><li>Taschenbuch, 14.99 \u20ac<\/li><\/ul><\/li><li>H\u00f6rbuch:<ul><li><a href=\"https:\/\/www.audible.de\/pd\/Die-Insel-der-besonderen-Kinder-Hoerbuch\/B006YUBR6G\">Audible <\/a>(11 Stunden; 24,95 \u20ac oder 1 Guthaben)<\/li><li><a href=\"https:\/\/www.thalia.de\/shop\/home\/artikeldetails\/ID45066987.html\">MP3-CD<\/a> (gek\u00fcrzt, 7 Stunden; 9,99 \u20ac)<\/li><\/ul><\/li><li>Film:<ul><li><a href=\"https:\/\/www.amazon.de\/gp\/video\/detail\/amzn1.dv.gti.30abb547-cf4a-9060-97b7-ce55c9b1f77f?tag=wwwwerstreamt-21&amp;ascsubtag=Web\">Amazon Video<\/a> (Leihen 3,98 \u20ac; Kaufen 6,98 \u20ac)<\/li><\/ul><ul><li><a href=\"https:\/\/itunes.apple.com\/de\/movie\/die-insel-der-besonderen-kinder\/id1153785740?ign-mpt=uo%3D4\">iTunes<\/a> (Leihen 3,99 \u20ac; Kaufen  11,99 \u20ac)<\/li><li><a href=\"https:\/\/www.netflix.com\/de\/title\/80079257\">Netflix<\/a><\/li><li><a href=\"https:\/\/www.youtube.com\/watch?v=-LRYTt-HwsY\">YouTube<\/a> (Leihen 3,98 \u20ac; Kaufen 9,99 \u20ac)<\/li><\/ul><\/li><\/ul>\n\n\n\n<p><\/p>\n","protected":false},"excerpt":{"rendered":"<p>Zeitgen\u00f6ssische Phantastik. Teenager entdeckt, dass die M\u00e4rchen seines Gro\u00dfvaters keine M\u00e4rchen waren und stellt sich dessen D\u00e4monen, um eine Gruppe von Kindern und Jugendlichen zu retten. Inhalt Als Kind hat Jacob Magellan Portman die Geschichten seines Gro\u00dfvaters \u00fcber Kinder mit besonderen F\u00e4higkeiten, dem alten Weisen Vogel, der sie besch\u00fctzt, und den menschfressenden Monstern, die sie &hellip; <\/p>\n<p class=\"link-more\"><a href=\"https:\/\/christianeichhorn.de\/?p=192\" class=\"more-link\"><span class=\"screen-reader-text\">\u201eDie Insel der besonderen Kinder (Ransom Riggs)\u201c<\/span> weiterlesen<\/a><\/p>\n","protected":false},"author":1,"featured_media":0,"comment_status":"open","ping_status":"open","sticky":false,"template":"","format":"standard","meta":[],"categories":[6],"tags":[],"_links":{"self":[{"href":"https:\/\/christianeichhorn.de\/index.php?rest_route=\/wp\/v2\/posts\/192"}],"collection":[{"href":"https:\/\/christianeichhorn.de\/index.php?rest_route=\/wp\/v2\/posts"}],"about":[{"href":"https:\/\/christianeichhorn.de\/index.php?rest_route=\/wp\/v2\/types\/post"}],"author":[{"embeddable":true,"href":"https:\/\/christianeichhorn.de\/index.php?rest_route=\/wp\/v2\/users\/1"}],"replies":[{"embeddable":true,"href":"https:\/\/christianeichhorn.de\/index.php?rest_route=%2Fwp%2Fv2%2Fcomments&post=192"}],"version-history":[{"count":4,"href":"https:\/\/christianeichhorn.de\/index.php?rest_route=\/wp\/v2\/posts\/192\/revisions"}],"predecessor-version":[{"id":197,"href":"https:\/\/christianeichhorn.de\/index.php?rest_route=\/wp\/v2\/posts\/192\/revisions\/197"}],"wp:attachment":[{"href":"https:\/\/christianeichhorn.de\/index.php?rest_route=%2Fwp%2Fv2%2Fmedia&parent=192"}],"wp:term":[{"taxonomy":"category","embeddable":true,"href":"https:\/\/christianeichhorn.de\/index.php?rest_route=%2Fwp%2Fv2%2Fcategories&post=192"},{"taxonomy":"post_tag","embeddable":true,"href":"https:\/\/christianeichhorn.de\/index.php?rest_route=%2Fwp%2Fv2%2Ftags&post=192"}],"curies":[{"name":"wp","href":"https:\/\/api.w.org\/{rel}","templated":true}]}}